{"id":3361,"date":"2022-07-27T09:39:49","date_gmt":"2022-07-27T07:39:49","guid":{"rendered":"http:\/\/www.fap-alc-ue.com\/?p=3361"},"modified":"2026-07-23T18:24:13","modified_gmt":"2026-07-23T16:24:13","slug":"cuarta-cumbre-academica-alc-ue-construccion-del-espacio-comun-euro-latinoamericano-y-caribeno-de-educacion-superior-ciencia-tecnologia-e-innovacion-para-la-asociacion-estrategica-birregional","status":"publish","type":"post","link":"https:\/\/www.fap-alc-ue.com\/index.php\/2022\/07\/27\/cuarta-cumbre-academica-alc-ue-construccion-del-espacio-comun-euro-latinoamericano-y-caribeno-de-educacion-superior-ciencia-tecnologia-e-innovacion-para-la-asociacion-estrategica-birregional\/","title":{"rendered":"CUARTA CUMBRE ACAD\u00c9MICA ALC-UE Construcci\u00f3n del Espacio Com\u00fan Euro-latinoamericano y Caribe\u00f1o de Educaci\u00f3n Superior, Ciencia, Tecnolog\u00eda e Innovaci\u00f3n para la Asociaci\u00f3n Estrat\u00e9gica Birregional"},"content":{"rendered":"<h4 style=\"text-align: center;\"><strong>CUARTA CUMBRE ACAD\u00c9MICA ALC-UE<\/strong><br \/>\n<strong>Construcci\u00f3n del Espacio Com\u00fan Euro-latinoamericano y Caribe\u00f1o<\/strong><br \/>\n<strong>de Educaci\u00f3n Superior, Ciencia, Tecnolog\u00eda e Innovaci\u00f3n<\/strong><br \/>\n<strong>para la Asociaci\u00f3n Estrat\u00e9gica Birregional<\/strong><\/h4>\n<p style=\"text-align: center;\"><strong>BUCAREST, 10 al 12 de Noviembre de 2022<\/strong><\/p>\n<p style=\"text-align: center;\"><strong>SEDE: UNIVERSIDAD NACIONAL DE ESTUDIOS POL\u00cdTICOS Y ADMINISTRACI\u00d3N<\/strong><br \/>\n<strong>(SNSPA)<\/strong><\/p>\n<p style=\"text-align: center;\"><strong>COMISI\u00d3N ORGANIZADORA<\/strong><br \/>\n<strong>Prof. Dr. Remus Pricopie<\/strong><br \/>\nRector de SNSPA, ex ministro de educaci\u00f3n, vicepresidente de la Asociaci\u00f3n<br \/>\nInternacional de Universidades (IAU), presidente del FAP ALC-UE<br \/>\n<strong>Prof. Dr. Fernando Galv\u00e1n Reula,<\/strong><br \/>\nEx rector de la Universidad de Alcal\u00e1. Secretario General de la<br \/>\nInternational Association of University Presidents (IAUP). Presidente de Honor del FAP ALC-UE<br \/>\n<strong>Dra. Ana Capilla<\/strong><br \/>\nDirectora de Educaci\u00f3n Superior y Ciencia<br \/>\nOrganizaci\u00f3n de Estados Iberoamericanos para la Educaci\u00f3n, la Ciencia y la Cultura (OEI)<br \/>\n<strong>Prof. Dr. Hugo Juri<\/strong><br \/>\nRector de la Universidad Nacional de C\u00f3rdoba, Argentina. Presidente de la III Cumbre Acad\u00e9mica 2018<br \/>\n<strong>Prof. Dr. Rafael Rosell Aiquel<\/strong><br \/>\nRector de la Universidad del Alba, Chile. Presidente de la Primera Cumbre Acad\u00e9mica 2013<br \/>\n<strong>Prof. Dr. Iordan Barbulescu<\/strong><br \/>\nDecano y Director de ISLA, SNSPA, Ruman\u00eda. Miembro de la Secretar\u00eda Ejecutiva FAP ALC-UE<br \/>\n<strong>Prof. Dra. Esther Souto Galv\u00e1n<\/strong><br \/>\nEx vicerrectora de Pol\u00edtica Institucional y Relaciones Internacionales de la UNED. Catedr\u00e1tica de Derecho.<br \/>\n<strong>Embajador Prof. H\u00e9ctor Casanueva<\/strong><br \/>\nAcad\u00e9mico y embajador. Profesor del IELAT, Universidad de Alcal\u00e1. Vicepresidente del FAP ALC-UE.<br \/>\n<strong>Prof. Dr. Carlos Quenan<\/strong><br \/>\nVicepresidente del Instituto de las Am\u00e9ricas, Francia. Vicepresidente del FAP ALC-UE<br \/>\n<strong>Ambassador Gillian Bristol<\/strong><br \/>\nDirector, Latin American-Caribbean Centre. Vice-Chancellery The University of the West Indies, Jamaica.<br \/>\n<strong>Prof. Patricio Leiva Lavalle<\/strong><br \/>\nDirector del Instituto Latinoamericano de Relaciones Internacionales, Universidad Miguel de Cervantes, Chile.<br \/>\nMiembro de la Secretar\u00eda Ejecutiva del FAP ALC-UE<br \/>\n<strong>Prof. Dra. Beatriz Peluffo<\/strong><br \/>\nDecana, Facultad de Ciencias de la Educaci\u00f3n, Universidad de la Empresa, Uruguay.<br \/>\n<strong>Dr. Christian Ghymers<\/strong><br \/>\nPresidente de IRELAC<br \/>\n<strong>Prof. Dra. Ioana Dodi<\/strong><br \/>\nCoordinadora Instituto de Estudios Latino Americanos, SNSPA. Integrante de la Secretaria Ejecutiva<br \/>\ndel FAP ALC-UE<br \/>\n<strong>Prof. Dra. Jocelyn Gacel-\u00c1vila<\/strong><br \/>\nAcad\u00e9mica C\u00e1tedra UNESCO Universidad de Guadalajara<br \/>\n<strong>Dra. Anna Barrera Vivero<\/strong><br \/>\nCoordinadora de Programas Senior, Fundaci\u00f3n EU-LAC.<\/p>\n<p style=\"text-align: center;\"><strong>COMIT\u00c9 EJECUTIVO<\/strong><br \/>\n<strong>Prof. Dr. Iordan Barbulescu<\/strong><br \/>\n<strong>Emb. Prof. H\u00e9ctor Casanueva<\/strong><br \/>\n<strong>Prof. Dr. Carlos Quenan<\/strong><br \/>\n<strong>Prof. Dr. Patricio Leiva<\/strong><br \/>\n<strong>Prof. Dra. Ioana Dodi<\/strong><br \/>\n<strong>Prof. Soledad Sandoval<\/strong><br \/>\n<strong>Dr. Luciano Rodrigues<\/strong><\/p>\n<h4><strong>ESTRUCTURA DEL EVENTO, BASES PARA PARTICIPAR<\/strong><\/h4>\n<p><strong>PRESENTACI\u00d3N<\/strong><br \/>\nLa creaci\u00f3n de un Espacio Com\u00fan de Educaci\u00f3n Superior surge de la primera Cumbre de Jefes de Estado y de Gobierno de ALC-UE en R\u00edo de Janeiro en 1999. La comunidad acad\u00e9mica de ambas regiones decidi\u00f3 contribuir a este prop\u00f3sito, para crear un Espacio Com\u00fan de Educaci\u00f3n Superior, Ciencia, Tecnolog\u00eda e Innovaci\u00f3n, comenzando con los seminarios de Santiago de Chile, Paris y Lima de 2012, destinados a la preparaci\u00f3n de la I Cumbre Acad\u00e9mica ALC-UE, celebrada en enero de 2013, en Santiago de Chile, realizada en concordancia con la I Cumbre CELAC-UE de Jefes de Estado y de Gobierno de ambas regiones. El marco pol\u00edtico e institucional se encuentra en la decisi\u00f3n de crear la Asociaci\u00f3n Estrat\u00e9gica Birregional adoptada durante la I Cumbre de Jefes de Estado y de Gobierno ALC-UE.<\/p>\n<p>Con el objetivo de llevar adelante dicha iniciativa, la comunidad acad\u00e9mica, reunida en Santiago de Chile, estableci\u00f3 el FORO ACAD\u00c9MICO PERMANENTE DE AMERICA LATINA Y EL CARIBE Y LA UNION EUROPEA, FAP ALC-UE. La propuesta de creaci\u00f3n del Espacio Com\u00fan fue recogida en las Declaraciones de las Cumbres CELAC-UE de Santiago 2013 y Bruselas 2015, y qued\u00f3 establecida en el Cap\u00edtulo 9 (Educaci\u00f3n Superior) del Plan de Acci\u00f3n CELAC-UE 2015-2020, en particular los compromisos se\u00f1alados en los puntos b), c), d), e), y en los resultados previstos en los puntos m) y o) del mencionado Plan de Acci\u00f3n. (NOTA: Confirmar que, adem\u00e1s, est\u00e1n incluidos en esos aspectos la Ciencia, Tecnolog\u00eda e Innovaci\u00f3n) Asimismo, lo reafirmado en los puntos 38 y 39 de la Declaraci\u00f3n de la Reuni\u00f3n de Ministros de Relaciones Exteriores CELAC-UE de Bruselas de julio de 2018. El papel de los \u201cactores de la sociedad civil para promover la asociaci\u00f3n birregional\u201d se reafirma en la Declaraci\u00f3n de la Reuni\u00f3n Ministerial de Am\u00e9rica Latina y el Caribe con la Uni\u00f3n Europea en diciembre de 2020.<\/p>\n<p>En consecuencia, el proyecto de creaci\u00f3n de un Espacio Com\u00fan Euro-latinoamericano y Caribe\u00f1o de Educaci\u00f3n Superior, Ciencia, Tecnolog\u00eda e Innovaci\u00f3n, se ha ido construyendo a trav\u00e9s de las reuniones y Seminarios Preparatorios de car\u00e1cter tem\u00e1tico y de coordinaci\u00f3n realizados en Santiago de Chile, Par\u00eds y Lima 2012; Bucarest y Guadalajara 2014; Lisboa y Alcal\u00e1 de Henares 2015; Lisboa, Santo Domingo y Estocolmo 2016; Salamanca y Alcal\u00e1 de Henares 2017; Roma 2019; y, Loja, Ecuador 2021, y, muy especialmente, los acuerdos de la I Cumbre Acad\u00e9mica de Santiago de Chile 2013; la II Cumbre Acad\u00e9mica de Bruselas 2015; y, la III Cumbre Acad\u00e9mica de C\u00f3rdoba, Argentina, en la cual se adopt\u00f3 el \u201d Compromiso de C\u00f3rdoba\u201d.<\/p>\n<p><strong><u>OBJETIVOS DE LA IV CUMBRE ACAD\u00c9MICA<\/u><\/strong><\/p>\n<p><strong>I<\/strong><br \/>\n<strong>CONMEMORAR LOS 10 A\u00d1OS DEL PROYECTO DEL FAP ALC-UE<\/strong><\/p>\n<p><strong>II<\/strong><br \/>\nReunir a la comunidad acad\u00e9mica de Am\u00e9rica Latina y el Caribe y la Uni\u00f3n Europea, para continuar avanzando en el an\u00e1lisis y la convergencia de visiones y prop\u00f3sitos concretos para la construcci\u00f3n del Espacio Acad\u00e9mico Com\u00fan, que sirvan de base a su implementaci\u00f3n, teniendo en cuenta las realidades de ambas regiones, el contexto global, los Objetivos para el Desarrollo Sostenible de la Agenda 2030, la situaci\u00f3n de la educaci\u00f3n superior, los avances en la ciencia, tecnolog\u00eda e innovaci\u00f3n y la internacionalizaci\u00f3n post-pandemia.<\/p>\n<p><strong>III<\/strong><br \/>\nAdoptar un proyecto de propuesta de la Comunidad Universitaria Birregional, para un Acuerdo de Integraci\u00f3n Acad\u00e9mica ALC-UE, a ser presentado a los Jefes de Estado y de Gobierno, Ministros de Relaciones Exteriores y Ministros de Educaci\u00f3n, Ciencia,\u00a0 Tecnolog\u00eda e Innovaci\u00f3n de los pa\u00edses de Am\u00e9rica Latina, el Caribe y la Uni\u00f3n Europea, as\u00ed como a las instituciones comunitarias de ambas regiones, como un compromiso para la puesta en marcha de un proceso de\u00a0<strong>Integraci\u00f3n Universitaria de las dos regiones, y la creaci\u00f3n del Espacio Com\u00fan Euro-latinoamericano y Caribe\u00f1o de Educaci\u00f3n Superior, Ciencia, Tecnolog\u00eda e Innovaci\u00f3n<\/strong>, como el Pilar Acad\u00e9mico de la\u00a0<strong>Asociaci\u00f3n Estrat\u00e9gica de Am\u00e9rica Latina y el Caribe con la Uni\u00f3n Europea<\/strong>\u00a0acordada en junio de 1999 en R\u00edo de Janeiro.<\/p>\n<p>&nbsp;<\/p>\n<p><strong><u>CONVOCADA Y ORGANIZADA POR<\/u><\/strong><\/p>\n<p><strong>Universidad Nacional de Estudios Pol\u00edticos y Administraci\u00f3n (SNSPA) de Ruman\u00eda<\/strong><br \/>\n<strong>\u00a0y el Foro Acad\u00e9mico Permanente ALC-UE (FAP ALC-UE)<\/strong><\/p>\n<p>&nbsp;<\/p>\n<p><strong><u>PARTICIPANTES CONVOCADOS<\/u><\/strong><\/p>\n<p>Todas las Universidades, Instituciones de Educaci\u00f3n Superior, Centros de Estudios e Investigaci\u00f3n, p\u00fablicos y privados, asociaciones y redes universitarias, profesores, acad\u00e9micos y estudiantes de educaci\u00f3n superior de los pa\u00edses de Am\u00e9rica Latina, el caribe y de la Uni\u00f3n Europea\u00a0(UE).<\/p>\n<p>&nbsp;<\/p>\n<p><strong><u>PARTICIPACI\u00d3N<\/u><\/strong><\/p>\n<p><strong>Es una reuni\u00f3n abierta, en la que pueden participar todas las instituciones y miembros de la comunidad acad\u00e9mica birregional, aunque no hayan asistido previamente a los\u00a0Seminarios Preparatorios o a las tres Cumbres Acad\u00e9micas FAP ALC-UE.<\/strong><\/p>\n<div><strong>La participaci\u00f3n es gratuita, no hay costos de inscripci\u00f3n.<\/strong><\/div>\n<div>Cada participante asume el financiamiento de su asistencia al evento<br \/>\n(Pasajes, estad\u00eda, traslados internos, etc)El Comit\u00e9 Organizador cubrir\u00e1 los costos locales: lugares de reuni\u00f3n, log\u00edstica,<br \/>\ndesarrollo del programa, eventos complementarios y apoyo administrativo.<\/p>\n<\/div>\n<p>&nbsp;<\/p>\n<div><strong><u>C\u00d3MO PARTICIPAR<\/u><\/strong><strong>Las entidades y personas que deseen participar deben rellenar\u00a0<u>antes del 15 de septiembre<\/u><\/strong><br \/>\n<strong>el formulario https:\/\/forms.gle\/vu6gpcGYG4NomGmt9<\/strong><\/p>\n<\/div>\n<p><strong>ESTRUCTURA DEL EVENTO<\/strong><\/p>\n<p><strong><u>METODOLOG\u00cdA<\/u><\/strong><\/p>\n<p>Sesiones Plenarias<br \/>\nConferencias Magistrales<br \/>\nTalleres Tem\u00e1ticos, en los que los participantes podr\u00e1n inscribirse previamente, a trav\u00e9s de la secci\u00f3n correspondiente del formulario de inscripci\u00f3n que recibir\u00e1 una vez recibida su solicitud.<\/p>\n<div><strong>La Universidad anfitriona entregar\u00e1 un Certificado de Asistencia a quienes hayan participado<\/strong><br \/>\n<strong>al menos en el 90% de las sesiones de los Talleres Tem\u00e1ticos<\/strong><\/div>\n<p>&nbsp;<\/p>\n<p><strong><u>EJES TEM\u00c1TICOS PARA TRABAJO EN TALLERES<\/u><\/strong><\/p>\n<p>Educaci\u00f3n Superior<br \/>\nFormaci\u00f3n T\u00e9cnico-Profesional<br \/>\nCiencia, Tecnolog\u00eda e Innovaci\u00f3n<br \/>\nVinculaciones de la Academia con la Sociedad<br \/>\nRelaciones de la Academia con las Pol\u00edticas P\u00fablicas<br \/>\nPol\u00edticas de G\u00e9nero e Integraci\u00f3n de las Mujeres en el Medio Acad\u00e9mico<\/p>\n<p>&nbsp;<\/p>\n<p><strong>NOTAS EXPLICATIVAS DE LOS EJES y TALLERES TEMATICOS<\/strong><br \/>\n<strong>INTRODUCCION<\/strong><br \/>\nSe trata de un espacio abierto organizado mediante Talleres Tem\u00e1ticos correspondientes a estos seis ejes, para el an\u00e1lisis, la reflexi\u00f3n y, sobre todo, la formulaci\u00f3n de propuestas concretas acerca de los objetivos, temas prioritarios, normas y acciones a emprender en la perspectiva de la construcci\u00f3n del Espacio Com\u00fan ALC-UE de Educaci\u00f3n Superior, Ciencia, Tecnolog\u00eda e Innovaci\u00f3n.<br \/>\nEn estos Talleres podr\u00e1n participar activamente todas las personas o instituciones inscritas en la Cumbre Acad\u00e9mica, en jun di\u00e0logo acad\u00e9mico con intervenciones directas y concretas sobre los aspectos mencionados en el p\u00e1rrafo precedente, u otros que se estimen pertinentes, con vistas a cumplir lo establecido en el Compromiso de C\u00f3rdoba, en particular, elementos para la preparaci\u00f3n de \u201dun Acuerdo de Integraci\u00f3n Acad\u00e9mica de Am\u00e9rica Latina y el Caribe y la Uni\u00f3n Europea para la creaci\u00f3n del Espacio Com\u00fan de Educaci\u00f3n Superior, Ciencia, Tecnolog\u00eda e Innovaci\u00f3n\u201d<br \/>\nPara lograr\u00a0 tales objetivos se recomienda tomar como base, especialmente, el acervo documental reunido en los once\u00a0 Seminarios Preparatorios y las tres Cumbres Acad\u00e9micas celebradas desde 2013 y los correspondientes trabajos emprendidos posteriormente. De este modo, los resultados de los Talleres y los di\u00e1logos en la IV Cumbre Acad\u00e9mica permitir\u00e1n\u00a0\u00a0 precisar, especialmente los temas prioritarios y sus respectivos contenidos, de cada uno de los \u00e1mbitos\u00a0 que definir\u00e1n el Espacio Acad\u00e9mico Com\u00fan y permitir\u00e1n elaborar las propuestas que ser\u00e1n presentadas a los Jefes de Estado y de Gobierno y autoridades de la CELAC y la UE.<br \/>\nToda la documentaci\u00f3n se encuentra en:\u00a0<a href=\"https:\/\/www.fap-alc-ue.com\/\">https:\/\/www.fap-alc-ue.com\/<\/a><br \/>\nPor otra parte, se recomienda que los ponentes y participantes tengan en consideraci\u00f3n como un marco de referencia, las metas de los Objetivos de Desarrollo Sostenible de la Agenda 2030 de las Naciones Unidas, en los que la Educaci\u00f3n Superior, la Ciencia, la Tecnolog\u00eda y la Innovaci\u00f3n son componentes fundamentales para ir visualizando los caminos y alternativas que se nos plantean desde el espacio ALC-UE.<\/p>\n<p>&nbsp;<\/p>\n<p><strong>ORIENTACIONES PRELIMINARES<\/strong><br \/>\n<strong>Una primera revisi\u00f3n de las Declaraciones y Propuestas de la I, II y III Cumbre Acad\u00e9mica, as\u00ed como de los documentos de los Seminarios Preparatorios permiten apreciar algunos conceptos iniciales\u00a0 para los trabajos futuros a emprender con vistas a la IV Cumbre Acad\u00e9mica.<\/strong><\/p>\n<ol>\n<li><strong>EDUCACI\u00d3N SUPERIOR<\/strong>: Dialogar sobre las condiciones de las instituciones por entrar en procesos sostenibles de internacionalizaci\u00f3n e integraci\u00f3n birregional de la educaci\u00f3n superior, entre otras cosas, el reconocimiento y convergencia de los sistemas de educaci\u00f3n superior del espacio ALC-UE a partir de la diversidad de los actores que los componen y su heterogeneidad, as\u00ed como de las necesidades de desarrollo de sus comunidades.<\/li>\n<\/ol>\n<p>En este sentido, tomar en consideraci\u00f3n, entre otros, el trabajo realizado en el marco del Instituto Internacional para la Educaci\u00f3n de Superior en Am\u00e9rica Latina y el Caribe (UNESCO-IESALC) sobre la base del Convenio Regional de Reconocimiento de Estudios, T\u00edtulos y Diplomas de Educaci\u00f3n Superior en Am\u00e9rica Latina y el Caribe, Buenos Aires, Argentina, 13 de julio de 2019.\u00a0<a href=\"https:\/\/unesdoc.unesco.org\/ark:\/48223\/pf0000374532\">https:\/\/unesdoc.unesco.org\/ark:\/48223\/pf0000374532<\/a>\u00a0) y la experiencia europea.<\/p>\n<ol>\n<li value=\"2\"><strong>FORMACI\u00d3N T\u00c9CNICO PROFESIONAL:\u00a0<\/strong>Reconocer esta dimensi\u00f3n de la educaci\u00f3n superior, que representa la base para la innovaci\u00f3n, el desarrollo y la investigaci\u00f3n aplicada, frente a la demanda de capital humano con competencias complejas para abordar las transformaciones que la ciencia y la tecnolog\u00eda nos est\u00e1n demandando, en especial, a Am\u00e9rica Latina y el Caribe.<\/li>\n<\/ol>\n<p>Se estima que entre el a\u00f1o 2030 y 2050 habr\u00e1n desaparecido o ser\u00e1n reemplazados un porcentaje importante de los actuales puestos de trabajo por la automatizaci\u00f3n de los procesos productivos y organizacionales. Se trata de abordar la problem\u00e1tica que plantea la identificaci\u00f3n y articulaci\u00f3n de aprendizajes formales, no formales e informales que permitan a las personas el aprendizaje a lo largo de la vida y la acreditaci\u00f3n de saberes.<\/p>\n<ol>\n<li value=\"3\"><strong>CIENCIA, TECNOLOG\u00cdA E INNOVACI\u00d3N:<\/strong>\u00a0Promover la convergencia de los sistemas de investigaci\u00f3n cient\u00edfica, tecnol\u00f3gica e innovaci\u00f3n, as\u00ed como la importancia de institucionalizar las redes de investigadores, por ejemplo, con la creaci\u00f3n de un registro de las principales \u00e1reas y proyectos de investigaci\u00f3n a nivel regional y birregional (VI Cumbre de Jefes de Estado y de Gobierno ALC-UE, Madrid, 2010).<\/li>\n<\/ol>\n<p>Se trata de abordar las problem\u00e1ticas planteadas para la integraci\u00f3n y articulaci\u00f3n entre estos sistemas y la transferencia del conocimiento a la sociedad, en especial al sector productivo y a la transformaci\u00f3n productiva desde una perspectiva de equidad, tal como se plantean en los Objetivos de Desarrollo Sostenible de la Agenda 2030 de las Naciones Unidas.<\/p>\n<ol>\n<li value=\"4\"><strong>VINCULACIONES DE LA ACADEMIA CON LA SOCIEDAD<\/strong>: La colaboraci\u00f3n entre las Instituciones de Educaci\u00f3n Superior (IES) y sus relaciones con el sector productivo y las organizaciones de la sociedad civil, claves para el desarrollo y la innovaci\u00f3n en los territorios y las comunidades.<\/li>\n<\/ol>\n<p>Se necesita ampliar los espacios de interacci\u00f3n entre los sectores empresarial, educativo y social en ambas regiones, para mejorar los programas de formaci\u00f3n y favorecer la adecuaci\u00f3n entre el mercado del empleo y la oferta educacional. Se enfatiza tambi\u00e9n la necesidad de fomentar la cultura emprendedora de los estudiantes, as\u00ed como la cultura investigadora e innovadora de las empresas, a trav\u00e9s de mecanismos tales como el financiamiento de tesis doctorales y otras formas de integraci\u00f3n de postgraduados en las mismas. Se recalca tambi\u00e9n el aporte que las IES pueden cumplir en el desarrollo de plataformas e instrumentos de integraci\u00f3n, cooperaci\u00f3n e innovaci\u00f3n birregionales entre las peque\u00f1as y medianas empresas (PyMEs), con el fin de potenciar su productividad, competitividad e internacionalizaci\u00f3n.<\/p>\n<ol>\n<li value=\"5\"><strong>VINCULACIONES DE LA ACADEMIA CON LAS POL\u00cdTICAS P\u00daBLICAS<\/strong>: Las relaciones de la comunidad acad\u00e9mica con las pol\u00edticas p\u00fablicas, se resalta la funci\u00f3n de las IES como actores propositivos en el proceso de an\u00e1lisis y formaci\u00f3n de las pol\u00edticas p\u00fablicas en los pa\u00edses de Am\u00e9rica latina, el Caribe y la UE.<\/li>\n<\/ol>\n<p>En este sentido, se requiere que las IES se constituyan, adem\u00e1s, en \u201cforos de pol\u00edticas\u201d, catalizadoras de consensos participativos para el dise\u00f1o, la implementaci\u00f3n y la evaluaci\u00f3n de la acci\u00f3n p\u00fablica, en especial en el sector educativo y en los \u00e1mbitos de la integraci\u00f3n regional, la sustentabilidad y la inclusi\u00f3n social. Tambi\u00e9n se propone reforzar las sinergias en materia de estrategias de integraci\u00f3n y cooperaci\u00f3n internacional entre los \u00e1mbitos universitarios y p\u00fablicos. En este \u00e1mbito se analizar\u00e1n, en especial, la vinculaci\u00f3n de la academia con las metas y objetivos de los Acuerdos Internacionales sobre Desarrollo Sustentable 2030 y Cambio Clim\u00e1tico.<\/p>\n<p>Finalmente, se requiere dotar de un presupuesto suficiente a las pol\u00edticas p\u00fablicas de apoyo a las estrategias de internacionalizaci\u00f3n e integraci\u00f3n de las IES (movilidad estudiantil, profesoral y administrativa, entre otras) e incorporar expertos sobre la internacionalizaci\u00f3n de la educaci\u00f3n superior tanto en los organismos gubernamentales y multilaterales responsables del sector educativo como en las propias IES.<\/p>\n<ol>\n<li value=\"6\"><strong>POL\u00cdTICAS DE G\u00c9NERO E INTEGRACI\u00d3N DE LAS MUJERES EN EL MEDIO ACAD\u00c9MICO:\u00a0<\/strong>La brecha de participaci\u00f3n de las mujeres en la academia, especialmente en los segmentos superiores de la pir\u00e1mide es muy grande. Se debe hacer visible el aporte de las mujeres en la ciencia, la tecnolog\u00eda y la innovaci\u00f3n, as\u00ed como la transferencia del conocimiento a la comunidad desde una neutralidad de g\u00e9nero. Hay que destacar el rol de las mujeres y sus aportes a la academia, que ha sido un tema invisible en la mayor\u00eda de los foros, por lo que el FAP ALC-UE considera que se debe incorporar a la discusi\u00f3n.<\/li>\n<\/ol>\n<p>&nbsp;<\/p>\n<p><strong>PROGRAMA DETALLADO DE LA IV CUMBRE, EN CONSTRUCCI\u00d3N<\/strong><\/p>\n<p><strong>SUGERIMOS AGENDAR FECHA. 10-12 DE NOVIEMBRE 2022<\/strong><\/p>\n<p>&nbsp;<\/p>\n<p><a href=\"https:\/\/www.fap-alc-ue.com\/wp-content\/uploads\/2022\/07\/DOCUMENTACI\u00d3N-DE-BASE-FAP-ALC-UE-a-JUNIO-DE-2021.pdf\" target=\"_blank\" rel=\"noopener\">Documentacion de base FAP ALC-UE<\/a><\/p>\n<p><a href=\"https:\/\/www.fap-alc-ue.com\/wp-content\/uploads\/2022\/07\/III-CUMBRE-ACAD\u00c9MICA-ALC-UE.-FOLLETO-FINAL.pdf\" target=\"_blank\" rel=\"noopener\">III Cumbre Academica ALC-UE\u00a0<\/a><\/p>\n<p>&nbsp;<\/p>\n<p style=\"text-align: center;\"><strong>ENGLISH VERSION<\/strong><\/p>\n<div>\n<p style=\"text-align: center;\">\n<p style=\"text-align: center;\"><strong>FOURTH LAC-EU ACADEMIC SUMMIT<\/strong><br \/>\n<strong>Construction of the Euro-Latin American and Caribbean Common Space of Higher Education, Science, Technology and Innovation<\/strong><\/p>\n<p style=\"text-align: center;\"><strong>Bi-regional Strategic Association<\/strong><\/p>\n<p style=\"text-align: center;\"><strong>BUCHAREST, November 10-12, 2022<\/strong><\/p>\n<p style=\"text-align: center;\"><strong>CAMPUS:<\/strong><\/p>\n<p style=\"text-align: center;\"><strong>NATIONAL UNIVERSITY OF POLITICAL STUDIES AND PUIBLIC ADMINISTRATION<\/strong><br \/>\n<strong>(SNSPA)<\/strong><\/p>\n<p style=\"text-align: center;\">\n<p style=\"text-align: center;\"><strong>ORGANIZING COMMISSION<\/strong><br \/>\n<strong>Prof. Dr Remus Pricopie<\/strong><br \/>\nRector of SNSPA, former Minister of Education, Vice President of the Association<br \/>\nInternational Association of Universities (IAU), president of the FAP LAC-EU<br \/>\n<strong>Prof. Dr. Fernando Galv\u00e1n Reula ,<\/strong><br \/>\nSecretary General of the International Association of University Presidents (IAUP).<br \/>\nFormer rector of the University of Alcal\u00e1. Honorary President of the FAP LAC-EU<br \/>\n<strong>Dr. Ana Capilla<\/strong><br \/>\nDirector of Higher Education and Science<br \/>\nOrganization of Ibero-American States for Education, Science and Culture (OEI)<br \/>\n<strong>Prof. Dr. Hugo Juri<\/strong><br \/>\nRector of the National University of C\u00f3rdoba, Argentina. President of the III Academic Summit 2018<br \/>\n<strong>Prof. Dr. Rafael Rosell Aiquel<\/strong><br \/>\nRector of the University of Alba, Chile. President of the First Academic Summit 2013<br \/>\n<strong>Prof. Dr Iordan Barbulescu<\/strong><br \/>\nDean and Director of ISLA, SNSPA, Romania. Member of the FAP LAC-EU Executive Secretariat<br \/>\n<strong>Prof. Dr. Esther Souto Galv\u00e1n<\/strong><br \/>\nFormer vice-rector for Institutional Policy and International Relations at UNED. Professor of Law.<br \/>\n<strong>Ambassador Prof. Hector Casanueva<\/strong><br \/>\nAcademic and ambassador. Professor of the IELAT, University of Alcal\u00e1.<br \/>\nVice President of the FAP ALC-UE<br \/>\n<strong>Prof. Dr. Carlos Quenan<\/strong><br \/>\nVice President of the Institute of the Americas, France. IHAL teacher.<br \/>\nVice President of the FAP ALC-UE<br \/>\n<strong>Ambassador Gillian Bristol<\/strong><br \/>\nDirector, Latin American -Caribbean Center. Vice Chancellery The University of the West Indies, Jamaica.<br \/>\n<strong>Prof. Patricio Leiva Lavalle<\/strong><br \/>\nDirector of the Latin American Institute of International Relations, Miguel de Cervantes University, Chile.<br \/>\nMember of the Executive Secretariat of the FAP LAC-EU<br \/>\n<strong>Prof. Dr. Beatriz Peluffo<\/strong><br \/>\nDean, Faculty of Educational Sciences, Universidad de la Empresa, Uruguay<br \/>\n<strong>Dr. Christian Ghymers<\/strong><br \/>\nPresidente de IRELAC<br \/>\n<strong>Prof. Dr. Ioana Dodi<\/strong><br \/>\nCoordinator Institute of Latin American Studies, SNSPA.<br \/>\nMember of the Executive Secretary, FAP ALC-UE<br \/>\n<strong>Prof. Dr. Jocelyn Gacel-Avila<\/strong><br \/>\nAcademic Chair C\u00e1tedra UNESCO University of Guadalajara<br \/>\n<strong>Dr. Anna Barrera Vivero<\/strong><br \/>\nSenior Programs Coordinator, EU-LAC Foundation.<br \/>\n<strong>EXECUTIVE COMMITTEE<\/strong><br \/>\n<strong>Prof. Dr Iordan Barbulescu<\/strong><br \/>\n<strong>Amb. Prof. Hector Casanueva<\/strong><br \/>\n<strong>Prof. Dr. Carlos Quenan<\/strong><br \/>\n<strong>Prof. Dr. Patricio Leiva<\/strong><br \/>\n<strong>Prof. Dr. Ioana Dodi<\/strong><br \/>\n<strong>Prof. Soledad Sandoval<\/strong><br \/>\n<strong>Dr. Luciano Rodrigues<\/strong><\/p>\n<\/div>\n<div><\/div>\n<div><strong>STRUCTURE OF THE EVENT, BASES TO PARTICIPATE<\/strong><strong>PRESENTATION<\/strong><br \/>\nThe creation of a Common Space for Higher Education arose from the First Summit of Heads of State and Government of LAC-EU in Rio de Janeiro in 1999. The academic community of both regions decided to contribute to this purpose, to create a Common Space for Higher Education, Science, Technology and Innovation, beginning with the seminars in Santiago de Chile, Paris and Lima in 2012, aimed at preparing the I LAC-EU Academic Summit, held in January 2013, in Santiago de Chile, held in concordance with the 1st CELAC-EU Summit of Heads of State and Government of both regions. The political and institutional framework is found in the decision to create the Bi-regional Strategic Association adopted during the I Summit of Heads of State and Government LAC-EU.<\/p>\n<p>In order to carry out this initiative, the academic community, gathered in Santiago de Chile, established the PERMANENT ACADEMIC FORUM OF LATIN AMERICA AND THE CARIBBEAN AND THE EUROPEAN UNION, FAP LAC-EU. The proposal to create the Common Space was included in the Declarations of the CELAC-EU Summits of Santiago 2013 and Brussels 2015, and was established in Chapter 9 (Higher Education) of the CELAC-EU 2015-2020 Action Plan, in particular the commitments indicated in points b), c), d), e), and in the expected results in points m) and o) of the aforementioned Action Plan. (NOTE: Confirm that, in addition, Science, Technology and Innovation are included in these aspects) Likewise, what was reaffirmed in points 38 and 39 of the Declaration of the CELAC-EU Meeting of Foreign Ministers in Brussels in July 2018. The role of &#8220;civil society actors to promote bi-regional association&#8221; is reaffirmed in the Declaration of the Ministerial Meeting of Latin America and the Caribbean with the European Union in December 2020.<\/p>\n<p>Consequently, the project to create a Common Euro-Latin American and Caribbean Space for Higher Education, Science, Technology and Innovation has been built through thematic and coordination meetings and Preparatory Seminars held in Santiago de Chile, Paris and Lima 2012; Bucharest and Guadalajara 2014; Lisbon and Alcal\u00e1 de Henares 2015; Lisbon, Santo Domingo and Stockholm 2016; Salamanca and Alcal\u00e1 de Henares 2017; Rome 2019; and, Loja, Ecuador 2021, and, very especially, the agreements of the I Academic Summit of Santiago de Chile 2013; the II Academic Summit of Brussels 2015; and, the III Academic Summit of C\u00f3rdoba, Argentina, in which the \u201cC\u00f3rdoba Commitment\u201d was adopted.<\/p>\n<p>&nbsp;<\/p>\n<p><strong><u>OBJECTIVES OF THE IV ACADEMIC SUMMIT<\/u><\/strong><\/p>\n<p><strong>I<\/strong><br \/>\n<strong>COMMEMORATING 10 YEARS OF THE FAP ALC-UE PROJECT<\/strong><\/p>\n<p><strong>II<\/strong><br \/>\nBring together the academic community of Latin America and the Caribbean and the European Union, to continue advancing in the analysis and convergence of visions and specific purposes for the construction of the Common Academic Space, which serve as a basis for its implementation, taking into account the realities of both regions, the global context, the Sustainable Development Goals of the 2030 Agenda, the situation of higher education, advances in science, technology and innovation and post-pandemic internationalization .<\/p>\n<p><strong>III<\/strong><br \/>\nAdopt a draft proposal of the Bi-regional University Community, for a LAC-EU Academic Integration Agreement, to be presented to the Heads of State and Government, Ministers of Foreign Affairs and Ministers of Education, Science, Technology and Innovation of the countries of Latin America, the Caribbean and the European Union, as well as the community institutions of both regions, as a commitment to launch a process of\u00a0<strong>University Integration of the two regions, and the creation of the Euro-Latin American Common Space and Caribbean Higher Education, Science, Technology and Innovation\u00a0<\/strong>, as the Academic Pillar of the\u00a0<strong>Strategic Association of Latin America and the Caribbean with the European Union\u00a0<\/strong>agreed in June 1999 in Rio de Janeiro.<\/p>\n<p>&nbsp;<\/p>\n<p><strong><u>CALLED AND ORGANIZED BY<\/u><\/strong><\/p>\n<p><strong>National University of Political Studies and Administration (SNSPA) of Romania<\/strong><br \/>\n<strong>and the LAC-EU Permanent Academic Forum (FAP LAC-EU)<\/strong><\/p>\n<p>&nbsp;<\/p>\n<p><strong><u>CALLED PARTICIPANTS<\/u><\/strong><\/p>\n<p>All Universities, Higher Education Institutions, Study and Research Centers, public and private, associations and university networks, professors, academics and higher education students from the countries of Latin America, the Caribbean and the European Union (EU).<\/p>\n<p>&nbsp;<\/p>\n<p><strong><u>STAKE<\/u><\/strong><\/p>\n<p>It is an open meeting, in which all institutions and members of the bi-regional academic community can participate, even if they have not previously attended the Preparatory Seminars or the three FAP LAC-EU Academic Summits.<\/p>\n<p><strong>Participation is free, there are no registration fees.<\/strong><\/p>\n<p>Each participant assumes the financing of their attendance to the event<br \/>\n(Tickets, stay, internal transfers, etc. )<\/p>\n<p>The SNSPA will cover the local costs: meeting places, logistics,<br \/>\nprogram development, ancillary events and administrative support.<\/p>\n<\/div>\n<div>\n<p>&nbsp;<\/p>\n<p><strong><u>HOW TO TAKE PART<\/u><\/strong><\/p>\n<p>Entities and individuals who wish to participate must fill out the form https:\/\/forms.gle\/vu6gpcGYG4NomGmt9 before September 15th.<\/p>\n<\/div>\n<div><\/div>\n<p><strong><u>METHODOLOGY<\/u><\/strong><\/p>\n<p>Plenary Sessions<br \/>\nMaster lectures<br \/>\nThematic Workshops, in which participants may register in advance, through the corresponding section of the registration form that you will receive once your request has been received.<\/p>\n<div><strong>The host University will deliver a Certificate of Attendance to those who have participated<\/strong><br \/>\n<strong>at least in 90% of the sessions of the Thematic Workshops<\/strong><\/div>\n<p>&nbsp;<\/p>\n<p><strong><u>THEMATIC AREAS FOR WORK IN WORKSHOPS<\/u><\/strong><\/p>\n<p>Higher education<br \/>\nTechnical-Professional Training<br \/>\nScience, Technology and Innovation<br \/>\nLinks of the Academy with Society<br \/>\nRelations of the Academy with Public Policies<br \/>\nGender Policies and Integration of Women in the Academic Environment<\/p>\n<p>&nbsp;<\/p>\n<p><strong>EXPLANATORY NOTES ON THE AREAS AND THEMATIC WORKSHOPS<\/strong><br \/>\n<strong>INTRODUCTION<\/strong><br \/>\nIt is an open space organized through Thematic Workshops corresponding to these six axes, for analysis, reflection and, above all, the formulation of specific proposals regarding the objectives, priority issues, standards and actions to be undertaken in the perspective of the construction of the LAC-EU Common Space for Higher Education, Science, Technology and Innovation.<br \/>\nAll persons or institutions registered in the Academic Summit may actively participate in these Workshops, in an academic dialogue with direct and specific interventions on the aspects mentioned in the preceding paragraph, or others that are deemed pertinent, with a view to complying with the provisions of the Cordoba Commitment, in particular, elements for the preparation of &#8220;an Academic Integration Agreement between Latin America and the Caribbean and the European Union for the creation of the Common Space for Higher Education, Science, Technology and Innovation&#8221;<br \/>\nTo achieve these objectives, it is recommended to take as a basis, especially, the documentary collection gathered in the eleven Preparatory Seminars and the three Academic Summits held since 2013 and the corresponding work undertaken subsequently. In this way, the results of the Workshops and the dialogues at the IV Academic Summit will make it possible to specify, especially the priority topics and their respective contents, of each one of the areas that will define the Common Academic Space and will allow the elaboration of the proposals that will be presented to the Heads of State and Government and authorities of CELAC and the EU.<br \/>\nAll the documentation can be found at:\u00a0<a href=\"https:\/\/www.fap-alc-ue.com\/\">https:\/\/www.fap-alc-ue.com\/<\/a><br \/>\nOn the other hand, it is recommended that the speakers and participants take into consideration, as a frame of reference, the goals of the Sustainable Development Goals of the United Nations 2030 Agenda, in which Higher Education, Science, Technology and Innovation are fundamental components to visualize the paths and alternatives that are proposed to us from the LAC-EU space.<\/p>\n<p>&nbsp;<\/p>\n<p><strong>PRELIMINARY GUIDANCE<\/strong><br \/>\n<strong>A first review of the Declarations and Proposals of the I, II and III Academic Summit, as well as the documents of the Preparatory Seminars, allow us to appreciate some initial concepts for future work to be undertaken with a view to the IV Academic Summit.<\/strong><\/p>\n<ol>\n<li><strong>HIGHER EDUCATION\u00a0<\/strong>: Dialogue on the conditions of the institutions to enter into sustainable processes of internationalization and bi-regional integration of higher education, among other things, the recognition and convergence of the higher education systems of the LAC-EU space based on the diversity of the actors that compose them and their heterogeneity, as well as the development needs of their communities.<\/li>\n<\/ol>\n<p>In this sense, take into consideration, among others, the work carried out within the framework of the International Institute for Higher Education in Latin America and the Caribbean (UNESCO-IESALC) on the basis of the Regional Agreement for the Recognition of Studies, Degrees and Diplomas of Higher Education in Latin America and the Caribbean, Buenos Aires, Argentina, July 13, 2019.\u00a0<a href=\"https:\/\/unesdoc.unesco.org\/ark:\/48223\/pf0000374532\">https:\/\/unesdoc.unesco.org\/ark:\/48223\/pf0000374532\u00a0<\/a>) and the European experience.<\/p>\n<ol>\n<li value=\"2\"><strong>PROFESSIONAL TECHNICAL TRAINING:\u00a0<\/strong>Recognize this dimension of higher education, which represents the basis for innovation, development and applied research, in the face of the demand for human capital with complex skills to address the transformations that science and technology are demanding of us especially to Latin America and the Caribbean.<\/li>\n<\/ol>\n<p>It is estimated that between 2030 and 2050 a significant percentage of current jobs will have disappeared or will be replaced by the automation of production and organizational processes. It is about addressing the problem posed by the identification and articulation of formal, non-formal and informal learning that allow people to learn throughout life and the accreditation of knowledge.<\/p>\n<ol>\n<li value=\"3\"><strong>SCIENCE, TECHNOLOGY AND INNOVATION:\u00a0<\/strong>Promote the convergence of scientific, technological and innovation research systems, as well as the importance of institutionalizing networks of researchers, for example, with the creation of a registry of the main research areas and projects at the national level. regional and bi-regional (VI Summit of Heads of State and Government LAC-EU, Madrid, 2010).<\/li>\n<\/ol>\n<p>The aim is to address the issues raised for the integration and articulation between these systems and the transfer of knowledge to society, especially to the productive sector and productive transformation from an equity perspective, as set out in the Sustainable Development Goals of the United Nations 2030 Agenda.<\/p>\n<ol>\n<li value=\"4\"><strong>LINKS BETWEEN THE ACADEMY AND SOCIETY\u00a0<\/strong>: Collaboration between Higher Education Institutions (HEIs) and their relationships with the productive sector and civil society organizations, key to development and innovation in territories and communities.<\/li>\n<\/ol>\n<p>It is necessary to expand the spaces of interaction between the business, educational and social sectors in both regions, to improve training programs and favor the adequacy between the employment market and the educational offer. Emphasis is also placed on the need to promote the entrepreneurial culture of students, as well as the research and innovative culture of companies, through mechanisms such as the financing of doctoral theses and other forms of integration of postgraduates in them. The contribution that HEIs can make in the development of bi-regional integration, cooperation and innovation platforms and instruments between small and medium-sized enterprises ( SMEs ) is also emphasized, in order to enhance their productivity, competitiveness and internationalization.<\/p>\n<ol>\n<li value=\"5\"><strong>LINKS OF THE ACADEMY WITH PUBLIC POLICIES\u00a0<\/strong>: The relations of the academic community with public policies, highlighting the role of HEIs as proactive actors in the process of analysis and formation of public policies in the countries of Latin America, the Caribbean and the EU.<\/li>\n<\/ol>\n<p>In this sense, it is required that HEIs also become &#8220;policy forums&#8221;, catalysts of participatory consensus for the design, implementation and evaluation of public action, especially in the educational sector and in the areas of regional integration, sustainability and social inclusion. It is also proposed to strengthen synergies in terms of integration strategies and international cooperation between the university and public spheres. In this area, the link between academia and the goals and objectives of the International Agreements on Sustainable Development 2030 and Climate Change will be analysed.<\/p>\n<p>Finally, it is necessary to provide a sufficient budget for public policies to support the internationalization and integration strategies of HEIs (student, teacher and administrative mobility, among others) and incorporate experts on the internationalization of higher education both in the organizations government and multilateral organizations responsible for the education sector as well as in the HEIs themselves.<\/p>\n<ol>\n<li value=\"6\"><strong>GENDER POLICIES AND INTEGRATION OF WOMEN IN THE ACADEMIC ENVIRONMENT:\u00a0<\/strong>The gap in the participation of women in academia, especially in the upper segments of the pyramid, is very large. The contribution of women in science, technology and innovation must be made visible, as well as the transfer of knowledge to the community from a gender neutrality. The role of women and their contributions to the academy must be highlighted, which has been an invisible topic in most forums, for which the FAP LAC-EU considers that it should be incorporated into the discussion.<\/li>\n<\/ol>\n<p>&nbsp;<\/p>\n<p><strong>DETAILED PROGRAM OF THE IV SUMMIT, UNDER CONSTRUCTION<\/strong><\/p>\n<p><strong>WE SUGGEST TO SCHEDULE A DATE.\u00a0<\/strong><strong>NOVEMBER 10-12, 2022<\/strong><\/p>\n<p>&nbsp;<\/p>\n<p>&nbsp;<\/p>\n<p><a href=\"https:\/\/www.fap-alc-ue.com\/wp-content\/uploads\/2022\/07\/DOCUMENTACI\u00d3N-DE-BASE-FAP-ALC-UE-a-JUNIO-DE-2021.pdf\" target=\"_blank\" rel=\"noopener\">Documentacion de base FAP ALC-UE<\/a><\/p>\n<p><a href=\"https:\/\/www.fap-alc-ue.com\/wp-content\/uploads\/2022\/07\/III-CUMBRE-ACAD\u00c9MICA-ALC-UE.-FOLLETO-FINAL.pdf\" target=\"_blank\" rel=\"noopener\">III Cumbre Academica ALC-UE\u00a0<\/a><\/p>\n","protected":false},"excerpt":{"rendered":"<p>CUARTA CUMBRE ACAD\u00c9MICA ALC-UE Construcci\u00f3n del Espacio Com\u00fan Euro-latinoamericano y Caribe\u00f1o de Educaci\u00f3n Superior, Ciencia, Tecnolog\u00eda e Innovaci\u00f3n para la<\/p>\n<p class=\"readmore\"><a href=\"https:\/\/www.fap-alc-ue.com\/index.php\/2022\/07\/27\/cuarta-cumbre-academica-alc-ue-construccion-del-espacio-comun-euro-latinoamericano-y-caribeno-de-educacion-superior-ciencia-tecnologia-e-innovacion-para-la-asociacion-estrategica-birregional\/\" title=\"Read CUARTA CUMBRE ACAD\u00c9MICA ALC-UE Construcci\u00f3n del Espacio Com\u00fan Euro-latinoamericano y Caribe\u00f1o de Educaci\u00f3n Superior, Ciencia, Tecnolog\u00eda e Innovaci\u00f3n para la Asociaci\u00f3n Estrat\u00e9gica Birregional\">Read more &raquo;<\/a><\/p>\n","protected":false},"author":2,"featured_media":2680,"comment_status":"closed","ping_status":"open","sticky":false,"template":"","format":"standard","meta":{"footnotes":""},"categories":[1],"tags":[],"class_list":["post-3361","post","type-post","status-publish","format-standard","has-post-thumbnail","hentry","category-uncategorized"],"_links":{"self":[{"href":"https:\/\/www.fap-alc-ue.com\/index.php\/wp-json\/wp\/v2\/posts\/3361","targetHints":{"allow":["GET"]}}],"collection":[{"href":"https:\/\/www.fap-alc-ue.com\/index.php\/wp-json\/wp\/v2\/posts"}],"about":[{"href":"https:\/\/www.fap-alc-ue.com\/index.php\/wp-json\/wp\/v2\/types\/post"}],"author":[{"embeddable":true,"href":"https:\/\/www.fap-alc-ue.com\/index.php\/wp-json\/wp\/v2\/users\/2"}],"replies":[{"embeddable":true,"href":"https:\/\/www.fap-alc-ue.com\/index.php\/wp-json\/wp\/v2\/comments?post=3361"}],"version-history":[{"count":0,"href":"https:\/\/www.fap-alc-ue.com\/index.php\/wp-json\/wp\/v2\/posts\/3361\/revisions"}],"wp:featuredmedia":[{"embeddable":true,"href":"https:\/\/www.fap-alc-ue.com\/index.php\/wp-json\/wp\/v2\/media\/2680"}],"wp:attachment":[{"href":"https:\/\/www.fap-alc-ue.com\/index.php\/wp-json\/wp\/v2\/media?parent=3361"}],"wp:term":[{"taxonomy":"category","embeddable":true,"href":"https:\/\/www.fap-alc-ue.com\/index.php\/wp-json\/wp\/v2\/categories?post=3361"},{"taxonomy":"post_tag","embeddable":true,"href":"https:\/\/www.fap-alc-ue.com\/index.php\/wp-json\/wp\/v2\/tags?post=3361"}],"curies":[{"name":"wp","href":"https:\/\/api.w.org\/{rel}","templated":true}]}}