{"id":3615,"date":"2024-03-24T01:51:03","date_gmt":"2024-03-23T23:51:03","guid":{"rendered":"http:\/\/www.fap-alc-ue.com\/?p=3615"},"modified":"2026-07-23T18:24:13","modified_gmt":"2026-07-23T16:24:13","slug":"educacion-hacia-el-2050-jorge-alberto-montes-de-oca-avina","status":"publish","type":"post","link":"https:\/\/www.fap-alc-ue.com\/index.php\/2024\/03\/24\/educacion-hacia-el-2050-jorge-alberto-montes-de-oca-avina\/","title":{"rendered":"Educaci\u00f3n hacia el 2050 &#8211; Jorge Alberto Montes de Oca Avi\u00f1a"},"content":{"rendered":"<header class=\"entry-header\">\n<h1 class=\"entry-title\">Educaci\u00f3n hacia el 2050<\/h1>\n<p class=\"entry-meta\"><span class=\"posted-on\"><span class=\"screen-reader-text\">Publicado el\u00a0<\/span><a href=\"https:\/\/grupoemprende.com\/educacion-hacia-2050\/\" rel=\"bookmark\"><time class=\"entry-date published\" datetime=\"2022-11-01T00:00:07-06:00\">noviembre 1, 2022<\/time><\/a><\/span><\/p>\n<p class=\"entry-meta\"><span class=\"byline\"><span class=\"author vcard\"><span class=\"screen-reader-text\">Autor<\/span><a class=\"url fn n\" href=\"https:\/\/grupoemprende.com\/author\/admin\/\">Jorge Alberto Montes de Oca Avi\u00f1a<\/a><\/span><\/span><\/p>\n<\/header>\n<div class=\"entry-content\">\n<p><img loading=\"lazy\" decoding=\"async\" class=\"size-medium wp-image-1136 alignleft\" src=\"https:\/\/grupoemprende.com\/wp-content\/uploads\/2022\/11\/Camionos-al-2050-300x160.png\" sizes=\"auto, (max-width: 300px) 100vw, 300px\" srcset=\"https:\/\/grupoemprende.com\/wp-content\/uploads\/2022\/11\/Camionos-al-2050-300x160.png 300w, https:\/\/grupoemprende.com\/wp-content\/uploads\/2022\/11\/Camionos-al-2050-768x409.png 768w, https:\/\/grupoemprende.com\/wp-content\/uploads\/2022\/11\/Camionos-al-2050-1024x545.png 1024w, https:\/\/grupoemprende.com\/wp-content\/uploads\/2022\/11\/Camionos-al-2050.png 1170w\" alt=\"\" width=\"300\" height=\"160\" \/>A trav\u00e9s de una consulta que fue coordinada por el Instituto Internacional de la UNESCO para la Educaci\u00f3n Superior en Am\u00e9rica Latina y el Caribe (UNESCO IESALC) entre mayo y agosto de 2021 se pretendi\u00f3 comprender las esperanzas y preocupaciones de la gente en los a\u00f1os venideros y c\u00f3mo \u00e9stas informan las ideas que tienen sobre los futuros de la educaci\u00f3n superior.<\/p>\n<p>En general, se estima que lleg\u00f3 a 50.000 personas directamente.<img loading=\"lazy\" decoding=\"async\" class=\" wp-image-1133 alignright\" src=\"https:\/\/grupoemprende.com\/wp-content\/uploads\/2022\/11\/Rango-de-Edad-Encuesta-UNESCO-242x300.png\" sizes=\"auto, (max-width: 154px) 100vw, 154px\" srcset=\"https:\/\/grupoemprende.com\/wp-content\/uploads\/2022\/11\/Rango-de-Edad-Encuesta-UNESCO-242x300.png 242w, https:\/\/grupoemprende.com\/wp-content\/uploads\/2022\/11\/Rango-de-Edad-Encuesta-UNESCO.png 324w\" alt=\"\" width=\"154\" height=\"191\" \/><\/p>\n<p><img loading=\"lazy\" decoding=\"async\" class=\"wp-image-1134 alignleft\" src=\"https:\/\/grupoemprende.com\/wp-content\/uploads\/2022\/11\/Regiones-Encuesta-UNESCO-297x300.png\" sizes=\"auto, (max-width: 171px) 100vw, 171px\" srcset=\"https:\/\/grupoemprende.com\/wp-content\/uploads\/2022\/11\/Regiones-Encuesta-UNESCO-297x300.png 297w, https:\/\/grupoemprende.com\/wp-content\/uploads\/2022\/11\/Regiones-Encuesta-UNESCO-150x150.png 150w, https:\/\/grupoemprende.com\/wp-content\/uploads\/2022\/11\/Regiones-Encuesta-UNESCO-200x200.png 200w, https:\/\/grupoemprende.com\/wp-content\/uploads\/2022\/11\/Regiones-Encuesta-UNESCO.png 381w\" alt=\"\" width=\"171\" height=\"172\" \/><\/p>\n<p>Los resultados de la consulta p\u00fablica UNESCO IESALC demostraron una rica diversidad en las\u00a0esperanzas y preocupaciones de la gente para 2050 proponiendo m\u00faltiples ideas para la educaci\u00f3n superior y su contribuci\u00f3n a mejores futuros para todos.<\/p>\n<p><img loading=\"lazy\" decoding=\"async\" class=\" wp-image-1131 alignright\" src=\"https:\/\/grupoemprende.com\/wp-content\/uploads\/2022\/11\/Idioma-de-Respuestas-UNESCO-300x127.png\" sizes=\"auto, (max-width: 250px) 100vw, 250px\" srcset=\"https:\/\/grupoemprende.com\/wp-content\/uploads\/2022\/11\/Idioma-de-Respuestas-UNESCO-300x127.png 300w, https:\/\/grupoemprende.com\/wp-content\/uploads\/2022\/11\/Idioma-de-Respuestas-UNESCO.png 365w\" alt=\"\" width=\"250\" height=\"106\" \/><\/p>\n<p>Dentro de esta rica diversidad global, a\u00fan fue posible identificar cuatro caminos hacia los futuros\u00a0que contaron con el amplio acuerdo de los encuestados y\/o en los que varios de ellos se expresaron de manera similar.<\/p>\n<p><img loading=\"lazy\" decoding=\"async\" class=\" wp-image-1124 alignleft\" src=\"https:\/\/grupoemprende.com\/wp-content\/uploads\/2022\/11\/Calidad-de-Vida.png\" alt=\"\" width=\"113\" height=\"115\" \/>La\u00a0<strong>calidad de vida<\/strong>\u00a0que tiene que ver con las situaciones y condiciones que proporcionan bienestar a las personas y que se relaci\u00f3n con el ofrecer oportunidades a todos, el acceso a la educaci\u00f3n superior debe ampliarse y ser asequible. Lo que se ense\u00f1a en la educaci\u00f3n superior \u00a0la forma en que se ense\u00f1a debe adaptarse a los individuos y ser impulsado por la elecci\u00f3n de los estudiantes.<img loading=\"lazy\" decoding=\"async\" class=\" wp-image-1126 alignright\" src=\"https:\/\/grupoemprende.com\/wp-content\/uploads\/2022\/11\/Cambio-Social.png\" alt=\"\" width=\"148\" height=\"135\" \/><\/p>\n<p>El\u00a0<strong>cambio social<\/strong>\u00a0que se trata de la \u00a0transformaci\u00f3n econ\u00f3mica, sociopol\u00edtica y cultural que afecta\u00a0al comportamiento humano y a las condiciones de nuestro mundo\u00a0 y se refiere a el compromiso con la sociedad y las comunidades debe ser m\u00e1s integral en la educaci\u00f3n\/ense\u00f1anza y en la investigaci\u00f3n\/ciencia. Las funciones b\u00e1sicas de la educaci\u00f3n superior deben ser m\u00e1s relevantes para las necesidades de la sociedad y la comunidad.<\/p>\n<p><img loading=\"lazy\" decoding=\"async\" class=\"size-full wp-image-1128 alignleft\" src=\"https:\/\/grupoemprende.com\/wp-content\/uploads\/2022\/11\/Cuidado-del-Medio-Ambiente.png\" alt=\"\" width=\"155\" height=\"173\" \/>El\u00a0<strong>cuidado del Medio ambiente<\/strong>\u00a0y se trata de el medio ambiente y su cuidado o da\u00f1o por parte del ser humano; sus relaciones con los retos sociales actuales entonces es importante la sostenibilidad debe estar en el centro de todo lo que hace la educaci\u00f3n superior a trav\u00e9s de una orientaci\u00f3n que sea a la vez global y local. La educaci\u00f3n superior tiene la urgente responsabilidad de hacer frente a los retos medioambientales, clim\u00e1ticos y otros desaf\u00edos globales.<img loading=\"lazy\" decoding=\"async\" class=\"size-full wp-image-1130 alignright\" src=\"https:\/\/grupoemprende.com\/wp-content\/uploads\/2022\/11\/Desarrollo-de-la-Tecnologia.png\" alt=\"\" width=\"163\" height=\"179\" \/><\/p>\n<p><strong>Desarrollo de la Tecnolog\u00eda<\/strong>\u00a0que tiene que ver en la relaci\u00f3n rec\u00edproca entre el r\u00e1pido desarrollo de la tecnolog\u00eda y los cambios sociales, econ\u00f3micos y medioambientales dado que a medida que avanzamos hacia una realidad m\u00e1s digitalizada, la educaci\u00f3n superior tiene un papel fundamental en la investigaci\u00f3n, el desarrollo y la difusi\u00f3n de los nuevos avances tecnol\u00f3gicos, as\u00ed como en la investigaci\u00f3n e innovaci\u00f3n sobre su uso e impacto. La tecnolog\u00eda tendr\u00e1 un impacto cada vez mayor en la educaci\u00f3n superior.<\/p>\n<p>Dentro de esos cuatro caminos, en cada caso, se muestran las cinco esperanzas y preocupaciones principales expresadas por los encuestados, en algunos casos, estas esperanzas y preocupaciones son transversales y aparecen en m\u00e1s de uno de los caminos, lo que demuestra su interconexi\u00f3n.<\/p>\n<p><strong>La calidad de vida<\/strong>\u00a0se refiere a aquellas situaciones y condiciones que proporcionan bienestar a<img loading=\"lazy\" decoding=\"async\" class=\" wp-image-1135 alignright\" src=\"https:\/\/grupoemprende.com\/wp-content\/uploads\/2022\/11\/Calidad-de-Vida-y-sus-5-ppales-204x300.png\" sizes=\"auto, (max-width: 184px) 100vw, 184px\" srcset=\"https:\/\/grupoemprende.com\/wp-content\/uploads\/2022\/11\/Calidad-de-Vida-y-sus-5-ppales-204x300.png 204w, https:\/\/grupoemprende.com\/wp-content\/uploads\/2022\/11\/Calidad-de-Vida-y-sus-5-ppales.png 557w\" alt=\"\" width=\"184\" height=\"271\" \/>\u00a0las personas. Entre los factores que determinan la calidad de vida est\u00e1n el bienestar emocional, el bienestar material, la salud, las relaciones familiares y sociales, los valores, la seguridad y la integraci\u00f3n en la comunidad. En la consulta p\u00fablica, 20% de los encuestados introdujo sus esperanzas para 2050 y 20% enumer\u00f3 las preocupaciones relativas a la calidad de vida.<\/p>\n<p>La mayor esperanza de los encuestados para 2050 era el deseo de un mayor bienestar humano en el que las personas tuvieran mejores condiciones de vida en un entorno armonioso y solidario, en tanto la mayor preocupaci\u00f3n mencionada en referencia a la calidad de vida fue la salud.<\/p>\n<p><strong><img loading=\"lazy\" decoding=\"async\" class=\"size-medium wp-image-1125 alignleft\" src=\"https:\/\/grupoemprende.com\/wp-content\/uploads\/2022\/11\/Cambio-Social-y-sus-5-ppales-207x300.png\" sizes=\"auto, (max-width: 207px) 100vw, 207px\" srcset=\"https:\/\/grupoemprende.com\/wp-content\/uploads\/2022\/11\/Cambio-Social-y-sus-5-ppales-207x300.png 207w, https:\/\/grupoemprende.com\/wp-content\/uploads\/2022\/11\/Cambio-Social-y-sus-5-ppales.png 549w\" alt=\"\" width=\"207\" height=\"300\" \/>El cambio social<\/strong>\u00a0se refiere a lo relacionado con la transformaci\u00f3n econ\u00f3mica, sociopol\u00edtica y cultural que afecta al comportamiento humano y a las condiciones de nuestro mundo. Este cambio puede tardar muchos a\u00f1os en desarrollarse o puede crearse y aplicarse en un corto periodo de tiempo. Mientras que 41% de los encuestados mencion\u00f3 sus esperanzas en relaci\u00f3n con el cambio social, un n\u00famero a\u00fan mayor (48%) comparti\u00f3 sus preocupaciones o lo que consideran desaf\u00edos en este \u00e1mbito.<\/p>\n<p>En la consulta p\u00fablica, una mayor justicia social fue la esperanza clave para el horizonte de 2050, en tanto en tanto La principal preocupaci\u00f3n de los encuestados en relaci\u00f3n con el cambio social fue la de las desigualdades sociales, que tambi\u00e9n abarcaba la preocupaci\u00f3n por la inequidad y la falta de justicia social.<\/p>\n<p>La segunda esperanza m\u00e1s importante, como parte de la sociedad y su evoluci\u00f3n, era el papel de la investigaci\u00f3n y la innovaci\u00f3n en contraparte, la segunda preocupaci\u00f3n principal en relaci\u00f3n con el cambio social fueron los retos econ\u00f3micos y de recursos.<\/p>\n<p><strong>El medio ambiente<\/strong>, y su cuidado o da\u00f1o por parte del ser humano, se ha convertido en uno de los<img loading=\"lazy\" decoding=\"async\" class=\"size-medium wp-image-1127 alignright\" src=\"https:\/\/grupoemprende.com\/wp-content\/uploads\/2022\/11\/Cuidado-del-Medio-Ambiente-y-sus-5-ppales-192x300.png\" sizes=\"auto, (max-width: 192px) 100vw, 192px\" srcset=\"https:\/\/grupoemprende.com\/wp-content\/uploads\/2022\/11\/Cuidado-del-Medio-Ambiente-y-sus-5-ppales-192x300.png 192w, https:\/\/grupoemprende.com\/wp-content\/uploads\/2022\/11\/Cuidado-del-Medio-Ambiente-y-sus-5-ppales.png 537w\" alt=\"\" width=\"192\" height=\"300\" \/>\u00a0principales puntos de atenci\u00f3n del mundo en los \u00faltimos a\u00f1os. Tambi\u00e9n se ha vuelto m\u00e1s com\u00fan que la gente relacione los desaf\u00edos sociales actuales con el cuidado del medio ambiente. En la consulta p\u00fablica, 14% de los encuestados relacion\u00f3 sus esperanzas con objetivos medioambientales, mientras que casi el doble (26%) se refiri\u00f3 a preocupaciones medioambientales.<\/p>\n<p>Parece que los encuestados consideran que existe una conexi\u00f3n entre la degradaci\u00f3n del estado general del medio ambiente y los problemas actuales que sufren las poblaciones m\u00e1s vulnerables. Por lo tanto, la mayor\u00eda de las respuestas relativas a las esperanzas sobre el medio ambiente se expresaron ampliamente a trav\u00e9s de la principal esperanza de la sostenibilidad.<\/p>\n<p>Las preocupaciones etiquetadas como cuidado del medio ambiente estaban a menudo interconectadas. Una gran mayor\u00eda de las preocupaciones se expresaron en t\u00e9rminos generales como temores sobre cuestiones medioambientales. Las respuestas m\u00e1s espec\u00edficas vinculan la preocupaci\u00f3n por la falta de desarrollo sostenible, que tambi\u00e9n se relaciona con otras preocupaciones sobre la falta de acceso a los recursos.<\/p>\n<p><img loading=\"lazy\" decoding=\"async\" class=\"size-medium wp-image-1129 alignleft\" src=\"https:\/\/grupoemprende.com\/wp-content\/uploads\/2022\/11\/Desarrollo-de-la-Tecnologia-y-sus-PPAles-204x300.png\" sizes=\"auto, (max-width: 204px) 100vw, 204px\" srcset=\"https:\/\/grupoemprende.com\/wp-content\/uploads\/2022\/11\/Desarrollo-de-la-Tecnologia-y-sus-PPAles-204x300.png 204w, https:\/\/grupoemprende.com\/wp-content\/uploads\/2022\/11\/Desarrollo-de-la-Tecnologia-y-sus-PPAles.png 534w\" alt=\"\" width=\"204\" height=\"300\" \/>La relaci\u00f3n rec\u00edproca entre el r\u00e1pido\u00a0<strong>desarrollo de la tecnolog\u00eda<\/strong>\u00a0y los cambios sociales, econ\u00f3micos y medioambientales en todo el mundo son cada vez m\u00e1s claros y cuestionados. En esta consulta p\u00fablica, 25% del total de los encuestados identific\u00f3 esperanzas relacionadas con el desarrollo de la tecnolog\u00eda, mientras que 7% ten\u00eda preocupaciones con respecto a este tema.<\/p>\n<p>La principal esperanza expresada por los encuestados es que los r\u00e1pidos avances tecnol\u00f3gicos de las \u00faltimas d\u00e9cadas contin\u00faen, parad\u00f3jicamente, muchas de las esperanzas sobre la tecnolog\u00eda eran tambi\u00e9n preocupaciones. A las esperanzas sobre el uso de la tecnolog\u00eda en la sociedad y en la educaci\u00f3n se contraponen los temores sobre un uso pobre o desigual de la tecnolog\u00eda en dichos futuros.<\/p>\n<p>El informe concluye proponiendo seis llamados a la acci\u00f3n, todos ellos derivados de las respuestas a esta consulta p\u00fablica.<\/p>\n<h2>Defender el derecho a la educaci\u00f3n superior<\/h2>\n<p>Los encuestados en esta consulta esperan mayoritariamente que la educaci\u00f3n superior siga desempe\u00f1ando un papel importante en las sociedades y comunidades del futuro. Muchos incluso sugirieron que este papel deber\u00eda ampliarse a medida que la educaci\u00f3n superior adquiere mayor relevancia en los m\u00faltiples futuros que se avecinan. La confianza depositada en la educaci\u00f3n superior, ya sea en la formaci\u00f3n de ciudadanos responsables, como fuente de informaci\u00f3n fiable o como generadora de nuevos e importantes conocimientos, debe ser difundida ampliamente.<\/p>\n<h2>Abordar las barreras que limitan la participaci\u00f3n.<\/h2>\n<p>Si todos los niveles de la educaci\u00f3n se consideran un derecho universal y el consenso de la consulta p\u00fablica es que hay que ampliar el acceso a la educaci\u00f3n superior, resulta a\u00fan m\u00e1s importante no s\u00f3lo entender las barreras a la participaci\u00f3n, sino eliminarlas por completo. Esto requerir\u00e1 esfuerzos en muchos frentes, desde la investigaci\u00f3n hasta la promoci\u00f3n y el cambio de pol\u00edticas. La ampliaci\u00f3n del acceso a la educaci\u00f3n superior no consiste \u00fanicamente en dejar entrar a m\u00e1s personas en la educaci\u00f3n superior, sino tambi\u00e9n en apoyar a los estudiantes para que desarrollen sus capacidades individuales, encontrar formas de organizar la educaci\u00f3n superior que satisfagan las necesidades diferenciales, as\u00ed como financiar la educaci\u00f3n superior de forma suficiente.<\/p>\n<h2>Abrir el acceso al conocimiento<\/h2>\n<p>Para aquellos que se dedican a la producci\u00f3n de conocimiento en las m\u00faltiples formas de conocimiento que existen, se deben buscar formas de hacer que ese conocimiento est\u00e9 disponible y sea accesible para m\u00e1s personas. Esto podr\u00eda ser a trav\u00e9s de la traducci\u00f3n a diferentes idiomas, la publicaci\u00f3n en revistas de acceso abierto, la promoci\u00f3n de la ciencia abierta, una mayor colaboraci\u00f3n internacional, la puesta a disposici\u00f3n gratuita de los contenidos de los cursos o el uso de la tecnolog\u00eda para involucrar a personas de diferentes regiones. Una mayor implicaci\u00f3n de las comunidades tambi\u00e9n ayudar\u00e1 a superar la persistente desigualdad de acceso a los conocimientos y recursos.<\/p>\n<h2>Empoderar a las nuevas generaciones<\/h2>\n<p>A la hora de debatir los caminos a seguir, se necesitan m\u00e1s voces y acciones de las generaciones que vivir\u00e1n en el futuro. Tenemos que capacitar a los j\u00f3venes de hoy para que se expresen y asuman el liderazgo de su propios futuros. Al mismo tiempo, tenemos que escuchar las palabras de los j\u00f3venes sobre lo que se necesita en la educaci\u00f3n superior, porque son ellos los que la utilizar\u00e1n y se beneficiar\u00e1n de ella. Movilizando el compromiso de las m\u00faltiples partes interesadas para crear mejores futuros en la educaci\u00f3n superior, se puede encontrar un equilibrio entre lo que los j\u00f3venes esperan y lo que se puede conseguir, paso a paso y en colaboraci\u00f3n.<\/p>\n<h2>Esforzarse porque la educaci\u00f3n superior sea m\u00e1s relevante<\/h2>\n<p>Es necesario reforzar la transferencia de conocimientos de lo que se aprende en la educaci\u00f3n superior a lo que se practica a nivel local, nacional y mundial. La educaci\u00f3n superior sabe c\u00f3mo innovar y puede aplicar este conocimiento para innovar su programaci\u00f3n, investigaci\u00f3n, cultura, cooperaci\u00f3n y uso de la tecnolog\u00eda. Los estudiantes y los profesores pueden impulsar las transformaciones desde dentro, y los responsables pol\u00edtico y la sociedad civil pueden promover el cambio a trav\u00e9s de la financiaci\u00f3n, las asociaciones y la orientaci\u00f3n.<\/p>\n<h2>Convertirse en pensadores de futuros.<\/h2>\n<p>Los futuros suelen parecer lejanos, incluso inimaginables, sobre todo en momentos de crisis inmediata, como la pandemia de la Covid-19, que consumieron la atenci\u00f3n mundial. Y, sin embargo, los futuros est\u00e1n m\u00e1s cerca de lo que pensamos, incluso si consideramos un horizonte de 30 a\u00f1os. Como demostraron los 1.200 encuestados en esta consulta, de hecho, es posible proyectarse en un horizonte de futuros, tanto si nos imaginamos a nosotros mismos como a los que nos siguen en esos espacios. Convertirse en pensadores de futuros tambi\u00e9n reconoce la importancia de anticiparse a los retos antes de que se nos presenten, y de la necesidad de impulsar el cambio ahora, incluso si se tarda d\u00e9cadas en ver los resultados completos.<\/p>\n<h4 class=\"title s1-title aos-init aos-animate\" data-aos=\"fade-up\">Los futuros de la educaci\u00f3n<\/h4>\n<p>Bibliograf\u00eda<\/p>\n<p>Unesco. (2021).Pathways to 2050 and beyond: Findings from a public consultation on the futures of higher education. Recuperado de: http:\/\/creativecommons.org\/licenses\/by-sa\/3.0\/igo\/<\/p>\n<\/div>\n<blockquote class=\"wp-embedded-content\" data-secret=\"ZsE2WCoi4s\"><p><a href=\"https:\/\/grupoemprende.com\/educacion-hacia-2050\/\">Educaci\u00f3n hacia el 2050<\/a><\/p><\/blockquote>\n<p><iframe loading=\"lazy\" class=\"wp-embedded-content\" sandbox=\"allow-scripts\" security=\"restricted\" style=\"position: absolute; clip: rect(1px, 1px, 1px, 1px);\" src=\"https:\/\/grupoemprende.com\/educacion-hacia-2050\/embed\/#?secret=lbU3cASln9#?secret=ZsE2WCoi4s\" data-secret=\"ZsE2WCoi4s\" width=\"600\" height=\"338\" title=\"\u00abEducaci\u00f3n hacia el 2050\u00bb \u2014 Grupo Emprende\" frameborder=\"0\" marginwidth=\"0\" marginheight=\"0\" scrolling=\"no\"><\/iframe><\/p>\n","protected":false},"excerpt":{"rendered":"<p>Educaci\u00f3n hacia el 2050 Publicado el\u00a0noviembre 1, 2022 AutorJorge Alberto Montes de Oca Avi\u00f1a A trav\u00e9s de una consulta que<\/p>\n<p class=\"readmore\"><a href=\"https:\/\/www.fap-alc-ue.com\/index.php\/2024\/03\/24\/educacion-hacia-el-2050-jorge-alberto-montes-de-oca-avina\/\" title=\"Read Educaci\u00f3n hacia el 2050 &#8211; Jorge Alberto Montes de Oca Avi\u00f1a\">Read more &raquo;<\/a><\/p>\n","protected":false},"author":2,"featured_media":3654,"comment_status":"closed","ping_status":"open","sticky":false,"template":"","format":"standard","meta":{"footnotes":""},"categories":[1],"tags":[],"class_list":["post-3615","post","type-post","status-publish","format-standard","has-post-thumbnail","hentry","category-uncategorized"],"_links":{"self":[{"href":"https:\/\/www.fap-alc-ue.com\/index.php\/wp-json\/wp\/v2\/posts\/3615","targetHints":{"allow":["GET"]}}],"collection":[{"href":"https:\/\/www.fap-alc-ue.com\/index.php\/wp-json\/wp\/v2\/posts"}],"about":[{"href":"https:\/\/www.fap-alc-ue.com\/index.php\/wp-json\/wp\/v2\/types\/post"}],"author":[{"embeddable":true,"href":"https:\/\/www.fap-alc-ue.com\/index.php\/wp-json\/wp\/v2\/users\/2"}],"replies":[{"embeddable":true,"href":"https:\/\/www.fap-alc-ue.com\/index.php\/wp-json\/wp\/v2\/comments?post=3615"}],"version-history":[{"count":0,"href":"https:\/\/www.fap-alc-ue.com\/index.php\/wp-json\/wp\/v2\/posts\/3615\/revisions"}],"wp:featuredmedia":[{"embeddable":true,"href":"https:\/\/www.fap-alc-ue.com\/index.php\/wp-json\/wp\/v2\/media\/3654"}],"wp:attachment":[{"href":"https:\/\/www.fap-alc-ue.com\/index.php\/wp-json\/wp\/v2\/media?parent=3615"}],"wp:term":[{"taxonomy":"category","embeddable":true,"href":"https:\/\/www.fap-alc-ue.com\/index.php\/wp-json\/wp\/v2\/categories?post=3615"},{"taxonomy":"post_tag","embeddable":true,"href":"https:\/\/www.fap-alc-ue.com\/index.php\/wp-json\/wp\/v2\/tags?post=3615"}],"curies":[{"name":"wp","href":"https:\/\/api.w.org\/{rel}","templated":true}]}}