{"id":3815,"date":"2025-10-17T09:36:12","date_gmt":"2025-10-17T07:36:12","guid":{"rendered":"http:\/\/www.fap-alc-ue.com\/?p=3815"},"modified":"2026-07-23T18:23:58","modified_gmt":"2026-07-23T16:23:58","slug":"desarollo-de-la-vi-cumbre-academica-alc-ue","status":"publish","type":"post","link":"https:\/\/www.fap-alc-ue.com\/index.php\/2025\/10\/17\/desarollo-de-la-vi-cumbre-academica-alc-ue\/","title":{"rendered":"Desarollo de la VI CUMBRE ACAD\u00c9MICA ALC-UE"},"content":{"rendered":"<p>El FORO ACAD\u00c9MICO PERMANENTE ALC-UE y la UNIVERSIDAD EXTERNADO DE COLOMBIA celebraron la\u00a0<strong>VI CUMBRE ACAD\u00c9MICA ALC-UE,<\/strong>\u00a0que tuvo lugar en\u00a0Bogot\u00e1 entre el<strong>\u00a09 y 10 de octubre de 2025<\/strong>.<\/p>\n<p>En el marco de la presidencia<strong>\u00a0pro tempore de la CELAC, que este a\u00f1o ostenta Colombia, este encuentro tuvo como prop\u00f3sito formular una propuesta com\u00fan para los jefes de Estado y de Gobierno de ambas regiones, orientada a avanzar hacia un Acuerdo de Integraci\u00f3n Acad\u00e9mica para el Espacio Com\u00fan ALC\u2013UE de Educaci\u00f3n Superior, Ciencia, Tecnolog\u00eda e Innovaci\u00f3n<\/strong>\u00a0que ser\u00e1 presentado durante la \u00a0<strong>IV Cumbre de Jefes de Estado CELAC\u2013UE que se celebrar\u00e1 en Santa Marta en noviembre pr\u00f3ximo.<\/strong><\/p>\n<p>La\u00a0<strong>Cumbre tambi\u00e9n puso en el centro los desaf\u00edos de la internacionalizaci\u00f3n y la equidad en el acceso a la educaci\u00f3n superior, junto con la necesidad de fortalecer la movilidad acad\u00e9mica, el reconocimiento de t\u00edtulos y la investigaci\u00f3n conjunta.<\/strong>\u00a0En este sentido, los aportes del viceministro de Educaci\u00f3n Superior, Ricardo Moreno; y del presidente del Foro Acad\u00e9mico Permanente ALC\u2013UE y rector de la Universidad del Alba (Chile), Rafael Rosell, destacaron la urgencia de consolidar pol\u00edticas p\u00fablicas que traduzcan el di\u00e1logo birregional en acciones concretas, capaces de reducir las brechas entre pa\u00edses y garantizar oportunidades reales de aprendizaje e innovaci\u00f3n.<\/p>\n<p>Desde la Uni\u00f3n Europea,\u00a0<strong>J\u00f6rg Schreiber dijo que la colaboraci\u00f3n entre regiones no solo impulsa el conocimiento, sino que tambi\u00e9n promueve una visi\u00f3n compartida de sostenibilidad y justicia social, en la que la innovaci\u00f3n y la equidad de g\u00e9nero se convierten en ejes transversales del desarrollo<\/strong>. A su vez, representantes de organismos multilaterales y de gobiernos locales coincidieron en que educar es una forma de construir paz y fortalecer la democracia desde lo cotidiano.<\/p>\n<p>En el marco de la conferencia inaugural,\u00a0<strong>Miriam Preckler, directora de Educaci\u00f3n de la Gerencia de Desarrollo Social y Humano del CAF, present\u00f3 el compromiso del organismo con la transformaci\u00f3n educativa, la inclusi\u00f3n y el desarrollo social de la regi\u00f3n a trav\u00e9s de sus Acciones Estrat\u00e9gicas en Educaci\u00f3n 2030.<\/strong>\u00a0Posteriormente, el panel inaugural sobre la educaci\u00f3n superior y las relaciones ALC\u2013UE, moderado por H\u00e9ctor Casanueva, reuni\u00f3 a figuras clave como\u00a0<strong>Salom\u00e9 Burbano, Eduardo Chiliquinga Maz\u00f3n, \u00d3scar Dom\u00ednguez Gonz\u00e1lez y V\u00edctor Saavedra Mercado,<\/strong>\u00a0quienes abordaron los avances y retos en la cooperaci\u00f3n acad\u00e9mica. M\u00e1s adelante, el panel sobre experiencias de cooperaci\u00f3n avanzada permiti\u00f3 conocer perspectivas de instituciones como la UNESCO\u2013IESALC, la Fundaci\u00f3n EU\u2013LAC, el ILAGOP y el Consejo Federal Espa\u00f1ol del Movimiento Europeo. En \u00e9l, se habl\u00f3 sobre la relevancia de la articulaci\u00f3n entre universidades, gobiernos y organismos multilaterales para alcanzar una verdadera integraci\u00f3n educativa.<\/p>\n<p>Asimismo,\u00a0<strong>Donatella Montaldo, directora de la OEI en Colombia;<\/strong>\u00a0y\u00a0<strong>Anna Barrera, directora de programas de la Fundaci\u00f3n Internacional UE- Am\u00e9rica Latina<\/strong>\u00a0brindaron unas palabras de cierre en las que destacaron la necesidad de que los jefes de Estado escuchen los acuerdos aqu\u00ed presentados y trabajen en estos intereses comunes para cada uno de los pa\u00edses.<\/p>\n<p>Para finalizar el evento,\u00a0<strong>Pierre Gerstl\u00e9, director de internacionalizaci\u00f3n y relaciones externas de nuestra Universidad<\/strong>, ley\u00f3 la declaraci\u00f3n de Bogot\u00e1 en la que destac\u00f3 los puntos m\u00e1s relevantes de la jornada.<\/p>\n<p>La declaraci\u00f3n y m\u00e1s informaciones se encuentran en la <a href=\"https:\/\/www.fap-alc-ue.com\/index.php\/cumbres-academicas\/sexta-cumbre-academica-alc-ue-seminario-preparatorio-de-san-jose-de-costa-rica-2025\/\" target=\"_blank\" rel=\"noopener\">p\u00e1gina <\/a>de la VI Cumbre Acad\u00e9mica ALC-UE en el sitio del FAP ALC-UE o en la <a href=\"https:\/\/www.uexternado.edu.co\/international\/vi-cumbre-academica-alc-ue-una-conexion-entre-las-regiones-la-educacion-y-el-desarrollo-sostenible\/\" target=\"_blank\" rel=\"noopener\">p\u00e1gina<\/a> de la Universidad.<\/p>\n<p><img loading=\"lazy\" decoding=\"async\" class=\"size-medium wp-image-3841 aligncenter\" src=\"https:\/\/www.fap-alc-ue.com\/wp-content\/uploads\/2025\/10\/VI-Cumbre-Academica-ALC-UE-300x181.webp\" alt=\"\" width=\"300\" height=\"181\" srcset=\"https:\/\/www.fap-alc-ue.com\/wp-content\/uploads\/2025\/10\/VI-Cumbre-Academica-ALC-UE-300x181.webp 300w, https:\/\/www.fap-alc-ue.com\/wp-content\/uploads\/2025\/10\/VI-Cumbre-Academica-ALC-UE-768x464.webp 768w, https:\/\/www.fap-alc-ue.com\/wp-content\/uploads\/2025\/10\/VI-Cumbre-Academica-ALC-UE.webp 1024w\" sizes=\"auto, (max-width: 300px) 100vw, 300px\" \/><\/p>\n","protected":false},"excerpt":{"rendered":"<p>El FORO ACAD\u00c9MICO PERMANENTE ALC-UE y la UNIVERSIDAD EXTERNADO DE COLOMBIA celebraron la\u00a0VI CUMBRE ACAD\u00c9MICA ALC-UE,\u00a0que tuvo lugar en\u00a0Bogot\u00e1 entre<\/p>\n<p class=\"readmore\"><a href=\"https:\/\/www.fap-alc-ue.com\/index.php\/2025\/10\/17\/desarollo-de-la-vi-cumbre-academica-alc-ue\/\" title=\"Read Desarollo de la VI CUMBRE ACAD\u00c9MICA ALC-UE\">Read more &raquo;<\/a><\/p>\n","protected":false},"author":2,"featured_media":3841,"comment_status":"closed","ping_status":"open","sticky":false,"template":"","format":"standard","meta":{"footnotes":""},"categories":[1],"tags":[],"class_list":["post-3815","post","type-post","status-publish","format-standard","has-post-thumbnail","hentry","category-uncategorized"],"_links":{"self":[{"href":"https:\/\/www.fap-alc-ue.com\/index.php\/wp-json\/wp\/v2\/posts\/3815","targetHints":{"allow":["GET"]}}],"collection":[{"href":"https:\/\/www.fap-alc-ue.com\/index.php\/wp-json\/wp\/v2\/posts"}],"about":[{"href":"https:\/\/www.fap-alc-ue.com\/index.php\/wp-json\/wp\/v2\/types\/post"}],"author":[{"embeddable":true,"href":"https:\/\/www.fap-alc-ue.com\/index.php\/wp-json\/wp\/v2\/users\/2"}],"replies":[{"embeddable":true,"href":"https:\/\/www.fap-alc-ue.com\/index.php\/wp-json\/wp\/v2\/comments?post=3815"}],"version-history":[{"count":0,"href":"https:\/\/www.fap-alc-ue.com\/index.php\/wp-json\/wp\/v2\/posts\/3815\/revisions"}],"wp:featuredmedia":[{"embeddable":true,"href":"https:\/\/www.fap-alc-ue.com\/index.php\/wp-json\/wp\/v2\/media\/3841"}],"wp:attachment":[{"href":"https:\/\/www.fap-alc-ue.com\/index.php\/wp-json\/wp\/v2\/media?parent=3815"}],"wp:term":[{"taxonomy":"category","embeddable":true,"href":"https:\/\/www.fap-alc-ue.com\/index.php\/wp-json\/wp\/v2\/categories?post=3815"},{"taxonomy":"post_tag","embeddable":true,"href":"https:\/\/www.fap-alc-ue.com\/index.php\/wp-json\/wp\/v2\/tags?post=3815"}],"curies":[{"name":"wp","href":"https:\/\/api.w.org\/{rel}","templated":true}]}}